{"id":92,"date":"2020-05-25T18:15:46","date_gmt":"2020-05-25T16:15:46","guid":{"rendered":"https:\/\/www.ariven.es\/blog\/?p=92"},"modified":"2020-05-25T18:15:46","modified_gmt":"2020-05-25T16:15:46","slug":"informe-de-impacto-generado-por-covid-19-en-el-sector-nautico-a-lo-largo-de-la-cadena-de-valor-en-el-entorno-de-la-ria-de-vigo","status":"publish","type":"post","link":"https:\/\/www.ariven.es\/blog\/2020\/05\/25\/informe-de-impacto-generado-por-covid-19-en-el-sector-nautico-a-lo-largo-de-la-cadena-de-valor-en-el-entorno-de-la-ria-de-vigo\/","title":{"rendered":"Informe de Impacto generado por COVID-19 en el sector n\u00e1utico a lo largo de la cadena de valor en el entorno de la R\u00eda de Vigo"},"content":{"rendered":"\n<p>La crisis sanitaria generada por\u00a0<strong>COVID-19\u00a0<\/strong>ha tra\u00eddo como consecuencia un\u00a0<strong>impacto socioecon\u00f3mico<\/strong>\u00a0evidente en el sector n\u00e1utico, que ha afectado de forma heterog\u00e9nea a los diferentes eslabones de la cadena de valor.<\/p>\n\n\n\n<p><strong>ARIVEN<\/strong>, como entidad representativa y aglutinadora de los miembros de la<strong>\u00a0cadena de valor del sector n\u00e1utico en la R\u00eda de Vigol<\/strong>, ha elaborado un informe que recoge el impacto socioecon\u00f3mico generado por la crisis sanitaria, en base a un levantamiento de informaci\u00f3n llevado a cabo entre sus miembros y su refuerzo a trav\u00e9s de otros medios y fuentes de referencia en el \u00e1mbito.<\/p>\n\n\n\n<p>Dicho informe pretende servir como herramienta y fuente de referencia para conocer la situaci\u00f3n de las muchas peque\u00f1as, medianas y grandes empresas del sector, as\u00ed como de los clubes n\u00e1uticos y escuelas deportivas, que han visto su actividad gravemente afectada por los efectos de esta pandemia global.<\/p>\n\n\n\n<p>El informe, adem\u00e1s de recoger datos cualitativos y cuantitativos de los efectos inmediatos, realiza una estimaci\u00f3n de los efectos en el corto y medio plazo, adem\u00e1s de proyectar una previsi\u00f3n del escenario futuro. As\u00ed mismo, y en base a la informaci\u00f3n analizada, se realiza una propuesta de medidas con las que reducir el impacto generado y los pr\u00f3ximos pasos que desde\u00a0<strong>ARIVEN<\/strong>\u00a0se propone realizar para contribuir a la\u00a0<strong>reactivaci\u00f3n y regreso a la normalidad del sector<\/strong>.<\/p>\n\n\n\n<p>El documento, que ha sido puesto a disposici\u00f3n de las instituciones competentes, puede descargarse directamente a trav\u00e9s de\u00a0<a rel=\"noreferrer noopener\" aria-label=\"este enlace (se abre en una nueva pesta\u00f1a)\" href=\"https:\/\/www.ariven.es\/blog\/wp-content\/uploads\/2020\/05\/Informe-Impacto-N\u00e1utica_ARIVEN_DEF.pdf\" target=\"_blank\"><strong>este enlace<\/strong><\/a>, para que todos los profesionales y miembros de la cadena de valor, con alcance a la cu\u00e1druple h\u00e9lice, puedan consultarlo y tener una visi\u00f3n te la realidad que la actual crisis sanitaria ha provocado a lo largo de toda la cadena de valor de la acuicultura.<\/p>\n\n\n\n<div class=\"wp-block-file\"><a href=\"https:\/\/www.ariven.es\/blog\/wp-content\/uploads\/2020\/05\/Informe-Impacto-N\u00e1utica_ARIVEN_DEF.pdf\">Informe-Impacto-N\u00e1utica_ARIVEN_DEF<\/a><a href=\"https:\/\/www.ariven.es\/blog\/wp-content\/uploads\/2020\/05\/Informe-Impacto-N\u00e1utica_ARIVEN_DEF.pdf\" class=\"wp-block-file__button\" download>Descarga<\/a><\/div>\n","protected":false},"excerpt":{"rendered":"<p>La crisis sanitaria generada por\u00a0COVID-19\u00a0ha tra\u00eddo como consecuencia un\u00a0impacto socioecon\u00f3mico\u00a0evidente en el sector n\u00e1utico, que ha afectado de forma heterog\u00e9nea a los diferentes eslabones de la cadena de valor. ARIVEN, como entidad representativa y aglutinadora de los miembros de la\u00a0cadena de valor del sector n\u00e1utico en la R\u00eda de Vigol, ha elaborado un informe que &hellip; <\/p>\n<p class=\"link-more\"><a href=\"https:\/\/www.ariven.es\/blog\/2020\/05\/25\/informe-de-impacto-generado-por-covid-19-en-el-sector-nautico-a-lo-largo-de-la-cadena-de-valor-en-el-entorno-de-la-ria-de-vigo\/\" class=\"more-link\">Continuar leyendo<span class=\"screen-reader-text\"> \u00abInforme de Impacto generado por COVID-19 en el sector n\u00e1utico a lo largo de la cadena de valor en el entorno de la R\u00eda de Vigo\u00bb<\/span><\/a><\/p>\n","protected":false},"author":2,"featured_media":94,"comment_status":"open","ping_status":"open","sticky":false,"template":"","format":"standard","meta":{"inline_featured_image":false},"categories":[6,8,5],"tags":[],"_links":{"self":[{"href":"https:\/\/www.ariven.es\/blog\/wp-json\/wp\/v2\/posts\/92"}],"collection":[{"href":"https:\/\/www.ariven.es\/blog\/wp-json\/wp\/v2\/posts"}],"about":[{"href":"https:\/\/www.ariven.es\/blog\/wp-json\/wp\/v2\/types\/post"}],"author":[{"embeddable":true,"href":"https:\/\/www.ariven.es\/blog\/wp-json\/wp\/v2\/users\/2"}],"replies":[{"embeddable":true,"href":"https:\/\/www.ariven.es\/blog\/wp-json\/wp\/v2\/comments?post=92"}],"version-history":[{"count":1,"href":"https:\/\/www.ariven.es\/blog\/wp-json\/wp\/v2\/posts\/92\/revisions"}],"predecessor-version":[{"id":95,"href":"https:\/\/www.ariven.es\/blog\/wp-json\/wp\/v2\/posts\/92\/revisions\/95"}],"wp:featuredmedia":[{"embeddable":true,"href":"https:\/\/www.ariven.es\/blog\/wp-json\/wp\/v2\/media\/94"}],"wp:attachment":[{"href":"https:\/\/www.ariven.es\/blog\/wp-json\/wp\/v2\/media?parent=92"}],"wp:term":[{"taxonomy":"category","embeddable":true,"href":"https:\/\/www.ariven.es\/blog\/wp-json\/wp\/v2\/categories?post=92"},{"taxonomy":"post_tag","embeddable":true,"href":"https:\/\/www.ariven.es\/blog\/wp-json\/wp\/v2\/tags?post=92"}],"curies":[{"name":"wp","href":"https:\/\/api.w.org\/{rel}","templated":true}]}}