{"id":35,"date":"2019-07-08T14:47:51","date_gmt":"2019-07-08T12:47:51","guid":{"rendered":"https:\/\/www.ariven.es\/blog\/?p=35"},"modified":"2019-07-08T14:52:36","modified_gmt":"2019-07-08T12:52:36","slug":"ariven-participa-en-el-vigo-seafest-2019","status":"publish","type":"post","link":"https:\/\/www.ariven.es\/blog\/2019\/07\/08\/ariven-participa-en-el-vigo-seafest-2019\/","title":{"rendered":"ARIVEN participa en el Vigo SeaFest 2019"},"content":{"rendered":"\n<p>El s\u00e1bado 5 de julio <strong>ARIVEN<\/strong> tuvo la oportunidad de presentarse con motivo del <strong><a href=\"https:\/\/vigoseafest.com\/\">Festival del Mar \u2013 Vigo SeaFest 2019<\/a><\/strong>, siendo desde luego el espacio m\u00e1s adecuado desde el que recordar la importancia de trabajar con y por una R\u00eda sostenible. <\/p>\n\n\n\n<p>En la presentaci\u00f3n, se ha querido hacer hincapi\u00e9 en la labor de ARIVEN de <strong>promover un sector social, econ\u00f3mico y medioambientalmente sostenible<\/strong>, fomentando la responsabilidad con nuestro entorno, y que sea compatible con el desarrollo de actividades que supongan una fuente de ingresos, de alimento y de salud, inculcando valores como el deporte y los h\u00e1bitos de vida saludables en adultos y j\u00f3venes. <\/p>\n\n\n\n<ul class=\"is-layout-flex wp-block-gallery-1 wp-block-gallery columns-3 is-cropped\"><li class=\"blocks-gallery-item\"><figure><img decoding=\"async\" loading=\"lazy\" width=\"1000\" height=\"750\" src=\"https:\/\/www.ariven.es\/blog\/wp-content\/uploads\/2019\/07\/20190706_122303-min.jpg\" alt=\"\" data-id=\"38\" data-link=\"https:\/\/www.ariven.es\/blog\/?attachment_id=38\" class=\"wp-image-38\" srcset=\"https:\/\/www.ariven.es\/blog\/wp-content\/uploads\/2019\/07\/20190706_122303-min.jpg 1000w, https:\/\/www.ariven.es\/blog\/wp-content\/uploads\/2019\/07\/20190706_122303-min-300x225.jpg 300w, https:\/\/www.ariven.es\/blog\/wp-content\/uploads\/2019\/07\/20190706_122303-min-768x576.jpg 768w\" sizes=\"(max-width: 767px) 89vw, (max-width: 1000px) 54vw, (max-width: 1071px) 543px, 580px\" \/><\/figure><\/li><li class=\"blocks-gallery-item\"><figure><img decoding=\"async\" loading=\"lazy\" width=\"1000\" height=\"750\" src=\"https:\/\/www.ariven.es\/blog\/wp-content\/uploads\/2019\/07\/20190706_121900-min.jpg\" alt=\"\" data-id=\"39\" data-link=\"https:\/\/www.ariven.es\/blog\/?attachment_id=39\" class=\"wp-image-39\" srcset=\"https:\/\/www.ariven.es\/blog\/wp-content\/uploads\/2019\/07\/20190706_121900-min.jpg 1000w, https:\/\/www.ariven.es\/blog\/wp-content\/uploads\/2019\/07\/20190706_121900-min-300x225.jpg 300w, https:\/\/www.ariven.es\/blog\/wp-content\/uploads\/2019\/07\/20190706_121900-min-768x576.jpg 768w\" sizes=\"(max-width: 767px) 89vw, (max-width: 1000px) 54vw, (max-width: 1071px) 543px, 580px\" \/><\/figure><\/li><li class=\"blocks-gallery-item\"><figure><img decoding=\"async\" loading=\"lazy\" width=\"1024\" height=\"787\" src=\"https:\/\/www.ariven.es\/blog\/wp-content\/uploads\/2019\/07\/Sin-t\u00edtulo-1024x787.png\" alt=\"\" data-id=\"40\" data-link=\"https:\/\/www.ariven.es\/blog\/?attachment_id=40\" class=\"wp-image-40\" srcset=\"https:\/\/www.ariven.es\/blog\/wp-content\/uploads\/2019\/07\/Sin-t\u00edtulo-1024x787.png 1024w, https:\/\/www.ariven.es\/blog\/wp-content\/uploads\/2019\/07\/Sin-t\u00edtulo-300x230.png 300w, https:\/\/www.ariven.es\/blog\/wp-content\/uploads\/2019\/07\/Sin-t\u00edtulo-768x590.png 768w, https:\/\/www.ariven.es\/blog\/wp-content\/uploads\/2019\/07\/Sin-t\u00edtulo.png 1053w\" sizes=\"(max-width: 767px) 89vw, (max-width: 1000px) 54vw, (max-width: 1071px) 543px, 580px\" \/><\/figure><\/li><li class=\"blocks-gallery-item\"><figure><img decoding=\"async\" loading=\"lazy\" width=\"1024\" height=\"796\" src=\"https:\/\/www.ariven.es\/blog\/wp-content\/uploads\/2019\/07\/20190706_122508-min2-1-1024x796.jpg\" alt=\"\" data-id=\"42\" data-link=\"https:\/\/www.ariven.es\/blog\/?attachment_id=42\" class=\"wp-image-42\" srcset=\"https:\/\/www.ariven.es\/blog\/wp-content\/uploads\/2019\/07\/20190706_122508-min2-1-1024x796.jpg 1024w, https:\/\/www.ariven.es\/blog\/wp-content\/uploads\/2019\/07\/20190706_122508-min2-1-300x233.jpg 300w, https:\/\/www.ariven.es\/blog\/wp-content\/uploads\/2019\/07\/20190706_122508-min2-1-768x597.jpg 768w, https:\/\/www.ariven.es\/blog\/wp-content\/uploads\/2019\/07\/20190706_122508-min2-1.jpg 1200w\" sizes=\"(max-width: 767px) 89vw, (max-width: 1000px) 54vw, (max-width: 1071px) 543px, 580px\" \/><\/figure><\/li><\/ul>\n\n\n\n<p>A la presentaci\u00f3n asistieron <strong>Adri\u00e1n Seoane<\/strong>, administrador de <a href=\"https:\/\/pradosurfescola.com\/\"><strong>Prado Surf Escola<\/strong><\/a><strong>,<\/strong> quien reforz\u00f3 la importancia de involucrar a los m\u00e1s j\u00f3venes con el mar; <strong>Jaime Corral<\/strong>, de la <strong><a href=\"http:\/\/www.fegapi.org\/\">Federaci\u00f3n Galega de Pirag\u00fcismo<\/a><\/strong>, que hizo referencia al bajo impacto medioambiental de la actividad n\u00e1utica recordando nuestra responsabilidad para con el medio ambiental; <strong>Franco Cobas<\/strong>, vicepresidente del <strong><a href=\"http:\/\/clubmaritimovigo.com\/\">Club Mar\u00edtimo de Vigo<\/a><\/strong>, quien mostr\u00f3 la R\u00eda de Vigo como un n\u00facleo \u00fanico de desarrollo integral de una actividad como la n\u00e1utica, fuente de grandes deportistas que con su esfuerzo son hoy considerados todo un referente del sector; y <strong>Teresa Aguilar<\/strong>, del departamento de comunicaci\u00f3n de <strong><a href=\"https:\/\/www.piratasdenabia.com\/\">Naviera Nabia<\/a><\/strong>, que ha recordado que la n\u00e1utica sucede gracias a la generaci\u00f3n de un tejido industrial en torno a ella que asegura puestos de trabajo sostenibles. <\/p>\n\n\n\n<p>Desde <strong>ARIVEN<\/strong> queremos agradecer a <a href=\"http:\/\/www.arvi.org\/\"><strong>ARVI,<\/strong><\/a> <strong>Cooperativa de Armadores de Pesca del Puerto de Vigo<\/strong>, organizadores del Sea Fest, por darnos la oportunidad de participar. Esperamos poder seguir colaborando juntos en el futuro.<\/p>\n\n\n\n<p>Estad atentos, muy pronto subiremos un v\u00eddeo de la presentaci\u00f3n! <\/p>\n\n\n\n<figure class=\"wp-block-image\"><img decoding=\"async\" loading=\"lazy\" width=\"1024\" height=\"768\" src=\"https:\/\/www.ariven.es\/blog\/wp-content\/uploads\/2019\/07\/20190706_124938-min-1024x768.jpg\" alt=\"\" class=\"wp-image-36\" srcset=\"https:\/\/www.ariven.es\/blog\/wp-content\/uploads\/2019\/07\/20190706_124938-min-1024x768.jpg 1024w, https:\/\/www.ariven.es\/blog\/wp-content\/uploads\/2019\/07\/20190706_124938-min-300x225.jpg 300w, https:\/\/www.ariven.es\/blog\/wp-content\/uploads\/2019\/07\/20190706_124938-min-768x576.jpg 768w, https:\/\/www.ariven.es\/blog\/wp-content\/uploads\/2019\/07\/20190706_124938-min-1568x1176.jpg 1568w\" sizes=\"(max-width: 767px) 89vw, (max-width: 1000px) 54vw, (max-width: 1071px) 543px, 580px\" \/><\/figure>\n","protected":false},"excerpt":{"rendered":"<p>El s\u00e1bado 5 de julio ARIVEN tuvo la oportunidad de presentarse con motivo del Festival del Mar \u2013 Vigo SeaFest 2019, siendo desde luego el espacio m\u00e1s adecuado desde el que recordar la importancia de trabajar con y por una R\u00eda sostenible. En la presentaci\u00f3n, se ha querido hacer hincapi\u00e9 en la labor de ARIVEN &hellip; <\/p>\n<p class=\"link-more\"><a href=\"https:\/\/www.ariven.es\/blog\/2019\/07\/08\/ariven-participa-en-el-vigo-seafest-2019\/\" class=\"more-link\">Continuar leyendo<span class=\"screen-reader-text\"> \u00abARIVEN participa en el Vigo SeaFest 2019\u00bb<\/span><\/a><\/p>\n","protected":false},"author":2,"featured_media":42,"comment_status":"open","ping_status":"open","sticky":false,"template":"","format":"standard","meta":{"inline_featured_image":false},"categories":[1],"tags":[],"_links":{"self":[{"href":"https:\/\/www.ariven.es\/blog\/wp-json\/wp\/v2\/posts\/35"}],"collection":[{"href":"https:\/\/www.ariven.es\/blog\/wp-json\/wp\/v2\/posts"}],"about":[{"href":"https:\/\/www.ariven.es\/blog\/wp-json\/wp\/v2\/types\/post"}],"author":[{"embeddable":true,"href":"https:\/\/www.ariven.es\/blog\/wp-json\/wp\/v2\/users\/2"}],"replies":[{"embeddable":true,"href":"https:\/\/www.ariven.es\/blog\/wp-json\/wp\/v2\/comments?post=35"}],"version-history":[{"count":2,"href":"https:\/\/www.ariven.es\/blog\/wp-json\/wp\/v2\/posts\/35\/revisions"}],"predecessor-version":[{"id":44,"href":"https:\/\/www.ariven.es\/blog\/wp-json\/wp\/v2\/posts\/35\/revisions\/44"}],"wp:featuredmedia":[{"embeddable":true,"href":"https:\/\/www.ariven.es\/blog\/wp-json\/wp\/v2\/media\/42"}],"wp:attachment":[{"href":"https:\/\/www.ariven.es\/blog\/wp-json\/wp\/v2\/media?parent=35"}],"wp:term":[{"taxonomy":"category","embeddable":true,"href":"https:\/\/www.ariven.es\/blog\/wp-json\/wp\/v2\/categories?post=35"},{"taxonomy":"post_tag","embeddable":true,"href":"https:\/\/www.ariven.es\/blog\/wp-json\/wp\/v2\/tags?post=35"}],"curies":[{"name":"wp","href":"https:\/\/api.w.org\/{rel}","templated":true}]}}