{"id":182,"date":"2021-08-24T08:43:09","date_gmt":"2021-08-24T06:43:09","guid":{"rendered":"https:\/\/www.ariven.es\/blog\/?p=182"},"modified":"2021-08-24T08:57:11","modified_gmt":"2021-08-24T06:57:11","slug":"bienvenida-a-nuestro-nuevo-socio-la-real-federacion-gallega-de-vela","status":"publish","type":"post","link":"https:\/\/www.ariven.es\/blog\/2021\/08\/24\/bienvenida-a-nuestro-nuevo-socio-la-real-federacion-gallega-de-vela\/","title":{"rendered":"Bienvenida a nuestro nuevo socio la Real Federaci\u00f3n Gallega de Vela!"},"content":{"rendered":"\n<p>Nos hace muy felices anunciar la adhesi\u00f3n de nuestro nuevo socio la <a rel=\"noreferrer noopener\" href=\"https:\/\/www.rfgvela.es\/\" target=\"_blank\"><strong>Real Federaci\u00f3n Gallega de Vela<\/strong><\/a>!<\/p>\n\n\n\n<p>La<strong> RFGV<\/strong> es un referente del deporte gallego, que trabaja activamente en la promoci\u00f3n y puesta en valor de este deporte tan arraigado a Galicia. La funci\u00f3n principal de la Federaci\u00f3n se basa en conformar una escuela de formaci\u00f3n que asegure un futuro tanto de regatistas como de patrones titulados. Su gran equipo de profesionales cuentan con amplia experiencia tanto en la navegaci\u00f3n como en el \u00e1rea de la ense\u00f1anza, garantizando una \u00f3ptima calidad de la ense\u00f1anza. Gracias a su amplia oferta de cursos, son capaces de transmitir su pasi\u00f3n por este deporte consiguiendo que los usuarios conozcan las maravillas del mar.<\/p>\n\n\n\n<p>Gracias por vuestra confianza y a trabajar juntos por un sector n\u00e1utico-deportivo fuerte y competitivo!!<\/p>\n\n\n\n<p><\/p>\n\n\n\n<div class=\"wp-block-image\"><figure class=\"aligncenter size-large is-resized\"><a href=\"https:\/\/www.rfgvela.es\/\" target=\"_blank\" rel=\"noopener noreferrer\"><img decoding=\"async\" loading=\"lazy\" src=\"https:\/\/www.ariven.es\/blog\/wp-content\/uploads\/2021\/08\/REAL-FEDERACION-GALLEGA-DE-VELA-LOGO-01.jpg\" alt=\"\" class=\"wp-image-183\" width=\"336\" height=\"376\" srcset=\"https:\/\/www.ariven.es\/blog\/wp-content\/uploads\/2021\/08\/REAL-FEDERACION-GALLEGA-DE-VELA-LOGO-01.jpg 652w, https:\/\/www.ariven.es\/blog\/wp-content\/uploads\/2021\/08\/REAL-FEDERACION-GALLEGA-DE-VELA-LOGO-01-269x300.jpg 269w\" sizes=\"(max-width: 336px) 100vw, 336px\" \/><\/a><\/figure><\/div>\n","protected":false},"excerpt":{"rendered":"<p>Nos hace muy felices anunciar la adhesi\u00f3n de nuestro nuevo socio la Real Federaci\u00f3n Gallega de Vela! La RFGV es un referente del deporte gallego, que trabaja activamente en la promoci\u00f3n y puesta en valor de este deporte tan arraigado a Galicia. La funci\u00f3n principal de la Federaci\u00f3n se basa en conformar una escuela de &hellip; <\/p>\n<p class=\"link-more\"><a href=\"https:\/\/www.ariven.es\/blog\/2021\/08\/24\/bienvenida-a-nuestro-nuevo-socio-la-real-federacion-gallega-de-vela\/\" class=\"more-link\">Continuar leyendo<span class=\"screen-reader-text\"> \u00abBienvenida a nuestro nuevo socio la Real Federaci\u00f3n Gallega de Vela!\u00bb<\/span><\/a><\/p>\n","protected":false},"author":2,"featured_media":186,"comment_status":"open","ping_status":"open","sticky":false,"template":"","format":"standard","meta":{"inline_featured_image":false},"categories":[1],"tags":[],"_links":{"self":[{"href":"https:\/\/www.ariven.es\/blog\/wp-json\/wp\/v2\/posts\/182"}],"collection":[{"href":"https:\/\/www.ariven.es\/blog\/wp-json\/wp\/v2\/posts"}],"about":[{"href":"https:\/\/www.ariven.es\/blog\/wp-json\/wp\/v2\/types\/post"}],"author":[{"embeddable":true,"href":"https:\/\/www.ariven.es\/blog\/wp-json\/wp\/v2\/users\/2"}],"replies":[{"embeddable":true,"href":"https:\/\/www.ariven.es\/blog\/wp-json\/wp\/v2\/comments?post=182"}],"version-history":[{"count":2,"href":"https:\/\/www.ariven.es\/blog\/wp-json\/wp\/v2\/posts\/182\/revisions"}],"predecessor-version":[{"id":187,"href":"https:\/\/www.ariven.es\/blog\/wp-json\/wp\/v2\/posts\/182\/revisions\/187"}],"wp:featuredmedia":[{"embeddable":true,"href":"https:\/\/www.ariven.es\/blog\/wp-json\/wp\/v2\/media\/186"}],"wp:attachment":[{"href":"https:\/\/www.ariven.es\/blog\/wp-json\/wp\/v2\/media?parent=182"}],"wp:term":[{"taxonomy":"category","embeddable":true,"href":"https:\/\/www.ariven.es\/blog\/wp-json\/wp\/v2\/categories?post=182"},{"taxonomy":"post_tag","embeddable":true,"href":"https:\/\/www.ariven.es\/blog\/wp-json\/wp\/v2\/tags?post=182"}],"curies":[{"name":"wp","href":"https:\/\/api.w.org\/{rel}","templated":true}]}}