{"id":172,"date":"2021-07-12T14:20:00","date_gmt":"2021-07-12T12:20:00","guid":{"rendered":"https:\/\/www.ariven.es\/blog\/?p=172"},"modified":"2021-07-12T14:56:06","modified_gmt":"2021-07-12T12:56:06","slug":"xi-ruta-maritima-cabaleiro-das-cunchas","status":"publish","type":"post","link":"https:\/\/www.ariven.es\/blog\/2021\/07\/12\/xi-ruta-maritima-cabaleiro-das-cunchas\/","title":{"rendered":"XI Ruta Mar\u00edtima Cabaleiro das Cunchas"},"content":{"rendered":"\n<p>Tenemos el orgullo de anunciar que un a\u00f1o m\u00e1s se celebra la <strong><a rel=\"noreferrer noopener\" href=\"https:\/\/rutamaritimadocabaleiro.com\/\" target=\"_blank\">Ruta Mar\u00edtima O Cabaleiro das Cunchas<\/a><\/strong>, una traves\u00eda mar\u00edtima jacobea que rememora el \u00faltimo tramo de la traslaci\u00f3n de los restos del Ap\u00f3stol Santiago por mar (Traslatio) seg\u00fan cuenta la leyenda. <\/p>\n\n\n\n<p>Se trata de una iniciativa de gran prestigio organizada por <strong>Asociaci\u00f3n de Amigos de la Ruta Mar\u00edtima del Ap\u00f3stol Santiago a Galicia<\/strong>, en cuya co-organizaci\u00f3n participa nuestro socio <a rel=\"noreferrer noopener\" href=\"https:\/\/www.fundaciontraslatio.org\/\" target=\"_blank\"><strong>Fundaci\u00f3n Traslatio<\/strong><\/a>. Un evento que adem\u00e1s cuenta con el apoyo y colaboraci\u00f3n de numerosas instituciones y entidades reconocidas del sector mar\u00edtimo, como nuestros socios el <a rel=\"noreferrer noopener\" href=\"https:\/\/liceobouzas.com\/\" target=\"_blank\"><strong>Liceo Mar\u00edtimo de Bouzas<\/strong><\/a>, <a rel=\"noreferrer noopener\" href=\"https:\/\/sailway.es\/\" target=\"_blank\"><strong>Sailway<\/strong><\/a> y <a rel=\"noreferrer noopener\" href=\"https:\/\/www.s4net.com\/\" target=\"_blank\"><strong>S4 &#8211; Corredur\u00eda de Seguros<\/strong><\/a>.<\/p>\n\n\n\n<div class=\"wp-block-image\"><figure class=\"aligncenter size-large is-resized\"><a href=\"https:\/\/www.fundaciontraslatio.org\/\" target=\"_blank\" rel=\"noopener noreferrer\"><img decoding=\"async\" loading=\"lazy\" src=\"https:\/\/www.ariven.es\/blog\/wp-content\/uploads\/2021\/07\/logos.png\" alt=\"\" class=\"wp-image-177\" width=\"454\" height=\"258\" srcset=\"https:\/\/www.ariven.es\/blog\/wp-content\/uploads\/2021\/07\/logos.png 751w, https:\/\/www.ariven.es\/blog\/wp-content\/uploads\/2021\/07\/logos-300x171.png 300w\" sizes=\"(max-width: 454px) 100vw, 454px\" \/><\/a><\/figure><\/div>\n\n\n\n<p>Este a\u00f1o la ruta se celebrar\u00e1 entre el <strong>31 de julio al 8 de agosto de 2021<\/strong>, y se realizar\u00e1 mediante la pr\u00e1ctica de la navegaci\u00f3n en conserva, no competitiva, teniendo como objetivo una navegaci\u00f3n en varias etapas recalando en varios puertos de la costa portuguesa, las r\u00edas de Vigo y Arousa pasando por la Catedral De Santiago. Una vez en la Catedral, se celebrar\u00e1 la misa del peregrino en honor a la Ruta, realizando una ofrenda al Ap\u00f3stol. Este a\u00f1o tendremos el honor de contar con la delegada de la Xunta de Galicia, D\u00f1a.\u00a0<strong>Marta Fern\u00e1ndez Tapias<\/strong> como encargada de la ofrenda al Ap\u00f3stol.<\/p>\n\n\n\n<figure class=\"wp-block-image size-large\"><img decoding=\"async\" loading=\"lazy\" width=\"1024\" height=\"407\" src=\"https:\/\/www.ariven.es\/blog\/wp-content\/uploads\/2021\/07\/colaboradores-1024x407.jpg\" alt=\"\" class=\"wp-image-174\" srcset=\"https:\/\/www.ariven.es\/blog\/wp-content\/uploads\/2021\/07\/colaboradores-1024x407.jpg 1024w, https:\/\/www.ariven.es\/blog\/wp-content\/uploads\/2021\/07\/colaboradores-300x119.jpg 300w, https:\/\/www.ariven.es\/blog\/wp-content\/uploads\/2021\/07\/colaboradores-768x306.jpg 768w, https:\/\/www.ariven.es\/blog\/wp-content\/uploads\/2021\/07\/colaboradores-1536x611.jpg 1536w, https:\/\/www.ariven.es\/blog\/wp-content\/uploads\/2021\/07\/colaboradores.jpg 1737w\" sizes=\"(max-width: 767px) 89vw, (max-width: 1000px) 54vw, (max-width: 1071px) 543px, 580px\" \/><\/figure>\n\n\n\n<p>La navegaci\u00f3n en conserva tiene el encanto y la singularidad de que la expedici\u00f3n se desarrolla con barcos a la vista y en permanente contacto con los elementos de seguridad y acompa\u00f1amiento. El objetivo es que los navegantes disfruten de unas jornadas de navegaci\u00f3n y actividades en cada puerto que forma parte de la ruta, donde la organizaci\u00f3n se encarga de gestionar los atraques. Adem\u00e1s, se est\u00e1 trabajando en un programa variado donde se den encuentro la cultura mar\u00edtima, la gastronom\u00eda y el ocio. <\/p>\n\n\n\n<figure class=\"wp-block-image size-large\"><img decoding=\"async\" loading=\"lazy\" width=\"1024\" height=\"393\" src=\"https:\/\/www.ariven.es\/blog\/wp-content\/uploads\/2021\/07\/Imagen2-1024x393.jpg\" alt=\"\" class=\"wp-image-176\" srcset=\"https:\/\/www.ariven.es\/blog\/wp-content\/uploads\/2021\/07\/Imagen2-1024x393.jpg 1024w, https:\/\/www.ariven.es\/blog\/wp-content\/uploads\/2021\/07\/Imagen2-300x115.jpg 300w, https:\/\/www.ariven.es\/blog\/wp-content\/uploads\/2021\/07\/Imagen2-768x294.jpg 768w, https:\/\/www.ariven.es\/blog\/wp-content\/uploads\/2021\/07\/Imagen2.jpg 1299w\" sizes=\"(max-width: 767px) 89vw, (max-width: 1000px) 54vw, (max-width: 1071px) 543px, 580px\" \/><\/figure>\n\n\n\n<p><\/p>\n\n\n\n<div class=\"wp-block-image\"><figure class=\"aligncenter size-large is-resized\"><img decoding=\"async\" loading=\"lazy\" src=\"https:\/\/www.ariven.es\/blog\/wp-content\/uploads\/2021\/07\/ruta.jpg\" alt=\"\" class=\"wp-image-175\" width=\"637\" height=\"530\" srcset=\"https:\/\/www.ariven.es\/blog\/wp-content\/uploads\/2021\/07\/ruta.jpg 836w, https:\/\/www.ariven.es\/blog\/wp-content\/uploads\/2021\/07\/ruta-300x250.jpg 300w, https:\/\/www.ariven.es\/blog\/wp-content\/uploads\/2021\/07\/ruta-768x640.jpg 768w\" sizes=\"(max-width: 637px) 100vw, 637px\" \/><\/figure><\/div>\n\n\n\n<p>Desde ARIVEN os mantendremos informados de todas las novedades respecto a este extraordinario evento, con el que impulsar la tradici\u00f3n del Xacobeo a trav\u00e9s del mar y el mundo de la n\u00e1utica.<\/p>\n","protected":false},"excerpt":{"rendered":"<p>Tenemos el orgullo de anunciar que un a\u00f1o m\u00e1s se celebra la Ruta Mar\u00edtima O Cabaleiro das Cunchas, una traves\u00eda mar\u00edtima jacobea que rememora el \u00faltimo tramo de la traslaci\u00f3n de los restos del Ap\u00f3stol Santiago por mar (Traslatio) seg\u00fan cuenta la leyenda. Se trata de una iniciativa de gran prestigio organizada por Asociaci\u00f3n de &hellip; <\/p>\n<p class=\"link-more\"><a href=\"https:\/\/www.ariven.es\/blog\/2021\/07\/12\/xi-ruta-maritima-cabaleiro-das-cunchas\/\" class=\"more-link\">Continuar leyendo<span class=\"screen-reader-text\"> \u00abXI Ruta Mar\u00edtima Cabaleiro das Cunchas\u00bb<\/span><\/a><\/p>\n","protected":false},"author":2,"featured_media":173,"comment_status":"open","ping_status":"open","sticky":false,"template":"","format":"standard","meta":{"inline_featured_image":false},"categories":[6],"tags":[],"_links":{"self":[{"href":"https:\/\/www.ariven.es\/blog\/wp-json\/wp\/v2\/posts\/172"}],"collection":[{"href":"https:\/\/www.ariven.es\/blog\/wp-json\/wp\/v2\/posts"}],"about":[{"href":"https:\/\/www.ariven.es\/blog\/wp-json\/wp\/v2\/types\/post"}],"author":[{"embeddable":true,"href":"https:\/\/www.ariven.es\/blog\/wp-json\/wp\/v2\/users\/2"}],"replies":[{"embeddable":true,"href":"https:\/\/www.ariven.es\/blog\/wp-json\/wp\/v2\/comments?post=172"}],"version-history":[{"count":3,"href":"https:\/\/www.ariven.es\/blog\/wp-json\/wp\/v2\/posts\/172\/revisions"}],"predecessor-version":[{"id":180,"href":"https:\/\/www.ariven.es\/blog\/wp-json\/wp\/v2\/posts\/172\/revisions\/180"}],"wp:featuredmedia":[{"embeddable":true,"href":"https:\/\/www.ariven.es\/blog\/wp-json\/wp\/v2\/media\/173"}],"wp:attachment":[{"href":"https:\/\/www.ariven.es\/blog\/wp-json\/wp\/v2\/media?parent=172"}],"wp:term":[{"taxonomy":"category","embeddable":true,"href":"https:\/\/www.ariven.es\/blog\/wp-json\/wp\/v2\/categories?post=172"},{"taxonomy":"post_tag","embeddable":true,"href":"https:\/\/www.ariven.es\/blog\/wp-json\/wp\/v2\/tags?post=172"}],"curies":[{"name":"wp","href":"https:\/\/api.w.org\/{rel}","templated":true}]}}