{"id":124,"date":"2020-06-20T08:00:08","date_gmt":"2020-06-20T06:00:08","guid":{"rendered":"https:\/\/www.ariven.es\/blog\/?p=124"},"modified":"2020-06-24T10:41:40","modified_gmt":"2020-06-24T08:41:40","slug":"se-reabren-las-inscripciones-para-apuntarte-a-la-actividad-de-piraguismo-en-bouzas-de-la-semana-azul","status":"publish","type":"post","link":"https:\/\/www.ariven.es\/blog\/2020\/06\/20\/se-reabren-las-inscripciones-para-apuntarte-a-la-actividad-de-piraguismo-en-bouzas-de-la-semana-azul\/","title":{"rendered":"Pirag\u00fcismo en Bouzas de la Semana Azul!"},"content":{"rendered":"\n<h3 class=\"has-vivid-red-color has-text-color has-text-align-center\"><strong>\u00daLTIMA HORA: Completado el aforo para la actividad de pirag\u00fcismo en Bouzas. En caso de abrirse nuevos grupos, os informaremos lo antes posible.<\/strong><\/h3>\n\n\n\n<h3 class=\"has-vivid-red-color has-text-color has-text-align-center\"><strong>\u00a1Muchas gracias a todos!<\/strong><\/h3>\n\n\n\n<p>Gracias a todos por vuestros inter\u00e9s en la Semana Azul! Hemos reabierto las inscripciones para que pod\u00e1is apuntaros a la actividad Pirag\u00fcismo en Bouzas, que organiza la Federaci\u00f3n Gallega de Pirag\u00fcismo.<\/p>\n\n\n\n<p>Una oportunidad para grandes y peque\u00f1os de conocer y navegar sobre un drag\u00f3n y practicar kayak!<\/p>\n\n\n\n<figure class=\"wp-block-image size-large\"><img decoding=\"async\" loading=\"lazy\" width=\"1024\" height=\"644\" src=\"https:\/\/www.ariven.es\/blog\/wp-content\/uploads\/2020\/06\/Dragones-FEGAPI-1024x644.jpg\" alt=\"\" class=\"wp-image-125\" srcset=\"https:\/\/www.ariven.es\/blog\/wp-content\/uploads\/2020\/06\/Dragones-FEGAPI-1024x644.jpg 1024w, https:\/\/www.ariven.es\/blog\/wp-content\/uploads\/2020\/06\/Dragones-FEGAPI-300x189.jpg 300w, https:\/\/www.ariven.es\/blog\/wp-content\/uploads\/2020\/06\/Dragones-FEGAPI-768x483.jpg 768w, https:\/\/www.ariven.es\/blog\/wp-content\/uploads\/2020\/06\/Dragones-FEGAPI-1536x967.jpg 1536w, https:\/\/www.ariven.es\/blog\/wp-content\/uploads\/2020\/06\/Dragones-FEGAPI.jpg 1600w\" sizes=\"(max-width: 767px) 89vw, (max-width: 1000px) 54vw, (max-width: 1071px) 543px, 580px\" \/><\/figure>\n\n\n\n<p>La actividad se celebrar\u00e1 en lunes 22 de junio en sesi\u00f3n de tarde, y el martes 23 de junio y s\u00e1bado 27 de junio en sesi\u00f3n de ma\u00f1ana.<\/p>\n\n\n\n<p>A continuaci\u00f3n os indicamos alguna <strong>informaci\u00f3n muy importante<\/strong> para un buen desarrollo de la actividad, y que te pedimos que leas atentamente:<\/p>\n\n\n\n<ul><li>La\nactividad tendr\u00e1 una duraci\u00f3n de un 1h y media, en la que los participantes\npodr\u00e1n descubrir y navegar en los <strong>dragones<\/strong>\ny hacer <strong>kayak<\/strong>.<\/li><\/ul>\n\n\n\n<ul><li>La edad m\u00ednima de participaci\u00f3n es <strong>6 a\u00f1os<\/strong>, y <strong>los menores deber\u00e1n ir siempre acompa\u00f1ados de un adulto o autorizado<\/strong>.<\/li><\/ul>\n\n\n\n<ul><li>Es\n<strong>indispensable saber nadar<\/strong>, si\nbien se entregar\u00e1n chalecos a los participantes.<\/li><\/ul>\n\n\n\n<ul><li>Por\ncuestiones de seguridad, <strong>cada participante\ndeber\u00e1 traer su propia mascarilla e hidrogel<\/strong>.<\/li><\/ul>\n\n\n\n<ul><li>Para\nla actividad se usar\u00e1 <strong>ba\u00f1ador y camiseta <\/strong>(mejor\nque no sea de algod\u00f3n), y para los pies <strong>chanclas\no escarpines<\/strong>.<\/li><\/ul>\n\n\n\n<ul><li>El punto de encuentro es la <strong>Playa de Bouzas<\/strong>: en la playa se har\u00e1 la actividad de kayak y en la zona del Liceo la actividad del drag\u00f3n.<\/li><\/ul>\n\n\n\n<p><\/p>\n\n\n\n<p><\/p>\n\n\n\n<p>Para cualquier consulta, estamos a tu disposici\u00f3n en <strong>info@ariven.es<\/strong>, o puedes contactar directamente con FEGAPI a trav\u00e9s de <strong>kayak-canoa@fegapi.org<\/strong><\/p>\n\n\n\n<p><\/p>\n\n\n\n<h3 class=\"has-text-align-center\"><strong>Ven a la Semana Azul y Merg\u00fallate con N\u00f3s!<\/strong><\/h3>\n","protected":false},"excerpt":{"rendered":"<p>\u00daLTIMA HORA: Completado el aforo para la actividad de pirag\u00fcismo en Bouzas. En caso de abrirse nuevos grupos, os informaremos lo antes posible. \u00a1Muchas gracias a todos! Gracias a todos por vuestros inter\u00e9s en la Semana Azul! Hemos reabierto las inscripciones para que pod\u00e1is apuntaros a la actividad Pirag\u00fcismo en Bouzas, que organiza la Federaci\u00f3n &hellip; <\/p>\n<p class=\"link-more\"><a href=\"https:\/\/www.ariven.es\/blog\/2020\/06\/20\/se-reabren-las-inscripciones-para-apuntarte-a-la-actividad-de-piraguismo-en-bouzas-de-la-semana-azul\/\" class=\"more-link\">Continuar leyendo<span class=\"screen-reader-text\"> \u00abPirag\u00fcismo en Bouzas de la Semana Azul!\u00bb<\/span><\/a><\/p>\n","protected":false},"author":2,"featured_media":0,"comment_status":"open","ping_status":"open","sticky":false,"template":"","format":"standard","meta":{"inline_featured_image":false},"categories":[1],"tags":[],"_links":{"self":[{"href":"https:\/\/www.ariven.es\/blog\/wp-json\/wp\/v2\/posts\/124"}],"collection":[{"href":"https:\/\/www.ariven.es\/blog\/wp-json\/wp\/v2\/posts"}],"about":[{"href":"https:\/\/www.ariven.es\/blog\/wp-json\/wp\/v2\/types\/post"}],"author":[{"embeddable":true,"href":"https:\/\/www.ariven.es\/blog\/wp-json\/wp\/v2\/users\/2"}],"replies":[{"embeddable":true,"href":"https:\/\/www.ariven.es\/blog\/wp-json\/wp\/v2\/comments?post=124"}],"version-history":[{"count":5,"href":"https:\/\/www.ariven.es\/blog\/wp-json\/wp\/v2\/posts\/124\/revisions"}],"predecessor-version":[{"id":146,"href":"https:\/\/www.ariven.es\/blog\/wp-json\/wp\/v2\/posts\/124\/revisions\/146"}],"wp:attachment":[{"href":"https:\/\/www.ariven.es\/blog\/wp-json\/wp\/v2\/media?parent=124"}],"wp:term":[{"taxonomy":"category","embeddable":true,"href":"https:\/\/www.ariven.es\/blog\/wp-json\/wp\/v2\/categories?post=124"},{"taxonomy":"post_tag","embeddable":true,"href":"https:\/\/www.ariven.es\/blog\/wp-json\/wp\/v2\/tags?post=124"}],"curies":[{"name":"wp","href":"https:\/\/api.w.org\/{rel}","templated":true}]}}